{"id":692,"date":"2023-05-04T09:03:10","date_gmt":"2023-05-04T07:03:10","guid":{"rendered":"https:\/\/naturerholt.de\/magazin\/?p=692"},"modified":"2023-05-04T09:57:00","modified_gmt":"2023-05-04T07:57:00","slug":"allergiepause-im-heilklima-pollenarm-aufatmen","status":"publish","type":"post","link":"https:\/\/naturerholt.de\/magazin\/fr\/allergiepause-im-heilklima-pollenarm-aufatmen\/","title":{"rendered":"Pause allergie dans le climat th\u00e9rapeutique - respirer sans pollen"},"content":{"rendered":"<p>\u00c9ternuements incessants, nez qui coule et yeux qui d\u00e9mangent : ce ne sont l\u00e0 que quelques-uns des sympt\u00f4mes g\u00eanants qui tourmentent les personnes allergiques au pollen du printemps \u00e0 l'automne. Pr\u00e8s d'un Allemand sur cinq souffre d'une allergie au pollen, et ce chiffre ne cesse d'augmenter. Pendant leurs vacances, de nombreuses personnes allergiques cherchent \u00e0 se reposer \u00e0 la mer ou en haute montagne. Mais le Bade-Wurtemberg offre \u00e9galement d'excellentes destinations pour des excursions d'une journ\u00e9e ou d'un week-end afin de faire une petite \"pause allergie\" - le climat th\u00e9rapeutique vous attend !<\/p>\n\n\n\n<h2 class=\"wp-block-heading\">Une aide naturelle contre les allergies<\/h2>\n\n\n\n<p><\/p>\n\n\n\n<div class=\"wp-block-columns is-layout-flex wp-container-core-columns-is-layout-9d6595d7 wp-block-columns-is-layout-flex\">\n<div class=\"wp-block-column is-layout-flow wp-block-column-is-layout-flow\">\n<p class=\"translation-block\"><a href=\"https:\/\/naturerholt.de\/magazin\/fr\/heilklima-viel-mehr-als-nur-gute-luft\/\" data-type=\"URL\" data-id=\"https:\/\/naturerholt.de\/magazin\/heilklima-viel-mehr-als-nur-gute-luft\/\" target=\"_blank\" rel=\"noreferrer noopener\" data-auto-event-observed=\"true\">Les stations thermales thermales<\/a> se distinguent par des conditions climatiques particuli\u00e8res et une qualit\u00e9 de l'air \u00e9lev\u00e9e - des conditions dont l'interaction est prouv\u00e9e comme \u00e9tant b\u00e9n\u00e9fique pour la sant\u00e9. Particuli\u00e8rement int\u00e9ressantes pour les personnes allergiques au pollen : faible pollution de l'air, peu de poussi\u00e8res fines, charge pollinique r\u00e9duite et globalement moins d'allerg\u00e8nes.<\/p>\n<\/div>\n\n\n\n<div class=\"wp-block-column is-vertically-aligned-center is-layout-flow wp-block-column-is-layout-flow\">\n<div class=\"wp-block-image\"><figure class=\"aligncenter size-large is-resized\"><img loading=\"lazy\" decoding=\"async\" src=\"https:\/\/naturerholt.de\/magazin\/wp-content\/uploads\/230503_HKM_Magazin_Allergie-1024x721.jpg\" alt=\"\" class=\"wp-image-704\" width=\"298\" height=\"210\" srcset=\"https:\/\/naturerholt.de\/magazin\/wp-content\/uploads\/230503_HKM_Magazin_Allergie-1024x721.jpg 1024w, https:\/\/naturerholt.de\/magazin\/wp-content\/uploads\/230503_HKM_Magazin_Allergie-300x211.jpg 300w, https:\/\/naturerholt.de\/magazin\/wp-content\/uploads\/230503_HKM_Magazin_Allergie-768x541.jpg 768w, https:\/\/naturerholt.de\/magazin\/wp-content\/uploads\/230503_HKM_Magazin_Allergie-1536x1081.jpg 1536w, https:\/\/naturerholt.de\/magazin\/wp-content\/uploads\/230503_HKM_Magazin_Allergie-2048x1441.jpg 2048w, https:\/\/naturerholt.de\/magazin\/wp-content\/uploads\/230503_HKM_Magazin_Allergie-scaled.jpg 2560w\" sizes=\"auto, (max-width: 298px) 100vw, 298px\" \/><\/figure><\/div>\n<\/div>\n<\/div>\n\n\n\n<h2 class=\"wp-block-heading\">Conseils pour votre excursion<\/h2>\n\n\n\n<p class=\"translation-block\">La dur\u00e9e de voyage id\u00e9ale d\u00e9pend de votre allergie individuelle et de votre destination sp\u00e9cifique - toutes les stations thermales dot\u00e9es de climats th\u00e9rapeutiques ne sont pas adapt\u00e9es \u00e0 toutes les allergies et \u00e0 toutes les saisons. Avant votre visite, vous devriez toujours vous procurer les derni\u00e8res pr\u00e9visions polliniques. Sinon, rien ne s\u2019oppose \u00e0 profiter du grand air ! Des activit\u00e9s relaxantes comme <a rel=\"noreferrer noopener\" href=\"https:\/\/naturerholt.de\/magazin\/fr\/waldbaden-achtsam-im-gruenen\/\" target=\"_blank\" data-auto-event-observed=\"true\"> Des bains de for\u00eat<\/a> ou des exercices de respiration peuvent \u00e9galement favoriser la r\u00e9cup\u00e9ration de vos voies respiratoires.<\/p>\n\n\n\n<h2 class=\"wp-block-heading\">Pause allergie dans le Bade-Wurtemberg&nbsp;<\/h2>\n\n\n\n<p class=\"translation-block\">Dans le Bade-Wurtemberg, il y en a au total plus de <a rel=\"noreferrer noopener\" href=\"https:\/\/naturerholt.de\/magazin\/fr\/offers_category\/luft\/\" data-type=\"URL\" data-id=\"https:\/\/ www. naturerholt.de\/offers_category\/luft\/\" target=\"_blank\" data-auto-event-observed=\"true\">20 stations climatiques<\/a>. Le climat de basse montagne de la For\u00eat-Noire est consid\u00e9r\u00e9 comme particulier pour les personnes souffrant de maladies respiratoires.<\/p>\n\n\n\n<p class=\"translation-block\"><strong>Bad D\u00fcrrheim <\/strong> combine des conditions climatiques curatives avec le titre de \u00ab station thermale unique \u00bb. L'avantage pour les personnes allergiques : une visite \u00e0 la tour de remise des dipl\u00f4mes peut \u00e9galement avoir un effet positif sur le syst\u00e8me respiratoire ! L'air enrichi en sel a un effet anti-inflammatoire, nettoyant et antibact\u00e9rien.<\/p>\n\n\n\n<p class=\"translation-block\"><strong>Sch\u00f6nwald <\/strong> a re\u00e7u \u00e0 plusieurs reprises le label de qualit\u00e9 ECARF pour son caract\u00e8re anti-allergique. Il s'agit non seulement d'un air pauvre en pollen, mais \u00e9galement de produits et services particuli\u00e8rement hypoallerg\u00e9niques pour les personnes souffrant de poussi\u00e8re domestique, de poils d'animaux et d'allergies alimentaires.<\/p>\n\n\n\n<div class=\"wp-block-columns is-layout-flex wp-container-core-columns-is-layout-9d6595d7 wp-block-columns-is-layout-flex\"><\/div>\n\n\n\n<h2 class=\"wp-block-heading\"><\/h2>\n\n\n\n<p><\/p>","protected":false},"excerpt":{"rendered":"<p>St\u00e4ndiges Niesen, laufende Nase und juckende Augen \u2013 nur einige der l\u00e4stigen Symptome, die Pollenallergiker von Fr\u00fchling bis Herbst qu\u00e4len. Fast jeder f\u00fcnfte Deutsche leidet unter einer Pollenallergie, und die Zahl steigt stetig. Viele Allergiker suchen w\u00e4hrend ihres Urlaubs Erholung am Meer oder im Hochgebirge. Doch auch in Baden-W\u00fcrttemberg finden sich hervorragende Ziele f\u00fcr Tages- [&hellip;]<\/p>","protected":false},"author":3,"featured_media":705,"comment_status":"open","ping_status":"open","sticky":false,"template":"","format":"standard","meta":{"_acf_changed":false,"footnotes":""},"categories":[1],"tags":[12,9,11,8],"class_list":["post-692","post","type-post","status-publish","format-standard","has-post-thumbnail","hentry","category-allgemein","tag-aufguss","tag-baden-wuerttemberg","tag-sauna","tag-schwarzwald"],"acf":[],"_links":{"self":[{"href":"https:\/\/naturerholt.de\/magazin\/fr\/wp-json\/wp\/v2\/posts\/692","targetHints":{"allow":["GET"]}}],"collection":[{"href":"https:\/\/naturerholt.de\/magazin\/fr\/wp-json\/wp\/v2\/posts"}],"about":[{"href":"https:\/\/naturerholt.de\/magazin\/fr\/wp-json\/wp\/v2\/types\/post"}],"author":[{"embeddable":true,"href":"https:\/\/naturerholt.de\/magazin\/fr\/wp-json\/wp\/v2\/users\/3"}],"replies":[{"embeddable":true,"href":"https:\/\/naturerholt.de\/magazin\/fr\/wp-json\/wp\/v2\/comments?post=692"}],"version-history":[{"count":16,"href":"https:\/\/naturerholt.de\/magazin\/fr\/wp-json\/wp\/v2\/posts\/692\/revisions"}],"predecessor-version":[{"id":763,"href":"https:\/\/naturerholt.de\/magazin\/fr\/wp-json\/wp\/v2\/posts\/692\/revisions\/763"}],"wp:featuredmedia":[{"embeddable":true,"href":"https:\/\/naturerholt.de\/magazin\/fr\/wp-json\/wp\/v2\/media\/705"}],"wp:attachment":[{"href":"https:\/\/naturerholt.de\/magazin\/fr\/wp-json\/wp\/v2\/media?parent=692"}],"wp:term":[{"taxonomy":"category","embeddable":true,"href":"https:\/\/naturerholt.de\/magazin\/fr\/wp-json\/wp\/v2\/categories?post=692"},{"taxonomy":"post_tag","embeddable":true,"href":"https:\/\/naturerholt.de\/magazin\/fr\/wp-json\/wp\/v2\/tags?post=692"}],"curies":[{"name":"wp","href":"https:\/\/api.w.org\/{rel}","templated":true}]}}